{"id":1446,"date":"2023-04-13T12:59:26","date_gmt":"2023-04-13T18:59:26","guid":{"rendered":"https:\/\/brooksjimenez.com\/?p=1446"},"modified":"2025-03-18T11:53:24","modified_gmt":"2025-03-18T17:53:24","slug":"amenaza-deportacion-por-inmigracion","status":"publish","type":"post","link":"https:\/\/brooksjimenez.com\/en\/amenaza-deportacion-por-inmigracion\/","title":{"rendered":"I was threatened by text messages, where I said that I was going to be deported if you do not comply with an order. Can I apply for a political asylum?"},"content":{"rendered":"<div data-elementor-type=\"wp-post\" data-elementor-id=\"1446\" class=\"elementor elementor-1446\" data-elementor-post-type=\"post\">\n\t\t\t\t\t\t<section class=\"elementor-section elementor-top-section elementor-element elementor-element-76de196 elementor-section-boxed elementor-section-height-default elementor-section-height-default wpr-particle-no wpr-jarallax-no wpr-parallax-no wpr-sticky-section-no wpr-equal-height-no\" data-id=\"76de196\" data-element_type=\"section\" data-e-type=\"section\">\n\t\t\t\t\t\t<div class=\"elementor-container elementor-column-gap-default\">\n\t\t\t\t\t<div class=\"elementor-column elementor-col-100 elementor-top-column elementor-element elementor-element-73ba09c\" data-id=\"73ba09c\" data-element_type=\"column\" data-e-type=\"column\">\n\t\t\t<div class=\"elementor-widget-wrap elementor-element-populated\">\n\t\t\t\t\t\t<div class=\"elementor-element elementor-element-3f8455e elementor-widget elementor-widget-text-editor\" data-id=\"3f8455e\" data-element_type=\"widget\" data-e-type=\"widget\" data-widget_type=\"text-editor.default\">\n\t\t\t\t<div class=\"elementor-widget-container\">\n\t\t\t\t\t\t\t\t\t<p style=\"text-align: center;\"><span style=\"color: #000000;\">Los abogados de Michael Brooks-Jim\u00e9nez le brindan la asesor\u00eda que requiere para su situaci\u00f3n de inmigraci\u00f3n.<\/span><\/p>\t\t\t\t\t\t\t\t<\/div>\n\t\t\t\t<\/div>\n\t\t\t\t<div class=\"elementor-element elementor-element-27c8f04 elementor-widget elementor-widget-video\" data-id=\"27c8f04\" data-element_type=\"widget\" data-e-type=\"widget\" data-settings=\"{&quot;video_type&quot;:&quot;hosted&quot;,&quot;controls&quot;:&quot;yes&quot;}\" data-widget_type=\"video.default\">\n\t\t\t\t<div class=\"elementor-widget-container\">\n\t\t\t\t\t\t\t<div class=\"e-hosted-video elementor-wrapper elementor-open-inline\">\n\t\t\t\t\t<video class=\"elementor-video\" src=\"https:\/\/brooksjimenez.com\/wp-content\/uploads\/2023\/04\/Michel-Brooks-Jimenez-102422.mp4\" controls=\"\" preload=\"metadata\" controlslist=\"nodownload\"><\/video>\n\t\t\t\t<\/div>\n\t\t\t\t\t\t<\/div>\n\t\t\t\t<\/div>\n\t\t\t\t<div class=\"elementor-element elementor-element-28c2250 elementor-widget elementor-widget-text-editor\" data-id=\"28c2250\" data-element_type=\"widget\" data-e-type=\"widget\" data-widget_type=\"text-editor.default\">\n\t\t\t\t<div class=\"elementor-widget-container\">\n\t\t\t\t\t\t\t\t\t<p>La respuesta es NO. El asilo pol\u00edtico se refiere a la situaci\u00f3n en la cual una persona busca refugio en los Estados Unidos debido a problemas pol\u00edticos en su pa\u00eds de origen. Si ya reside en este pa\u00eds y est\u00e1 siendo amenazado por alguien, esa situaci\u00f3n no se considera un problema pol\u00edtico en su pa\u00eds.<\/p><p><br><\/p>\n<p>No obstante, si alguien est\u00e1 aprovech\u00e1ndose de su estatus migratorio para perjudicarlo, existe la opci\u00f3n de solicitar una Visa T. Esta visa es un beneficio temporal destinado a las v\u00edctimas de trata de personas. Por ejemplo, si su empleador o una empresa lo amenaza con denunciar su situaci\u00f3n migratoria a las autoridades si no cumple con sus exigencias de trabajar horas extras, podr\u00eda ser elegible para solicitar una Visa T.<\/p><p><br><\/p>\n<p><\/p>\n<p><span style=\"font-style: inherit; font-weight: inherit;\">\u00a1Somos los abogados de la comunidad! Si est\u00e1 interesado en realizar alguna consulta relacionada con su situaci\u00f3n de inmigraci\u00f3n (solicitudes de visa, ciudadan\u00eda estadounidense, etc.) o con alg\u00fan otro de nuestros servicios, puede contactarnos mediante nuestro sitio web <\/span><a style=\"font-style: inherit; font-weight: inherit; background-color: #ffffff;\" href=\"https:\/\/brooksjimenez.com\/en\/\">https:\/\/brooksjimenez.com\/<\/a><span style=\"font-style: inherit; font-weight: inherit;\"> o nuestra l\u00ednea telef\u00f3nica 405-272-9393<\/span><\/p>\n<p>Conozca m\u00e1s sobre nosotros visitando nuestras redes sociales, encu\u00e9ntrenos mediante:<\/p>\n<p>Facebook <a href=\"https:\/\/www.facebook.com\/elabogadodelacomunidad\/\">https:\/\/www.facebook.com\/elabogadodelacomunidad\/<\/a><\/p>\n<p>Instagram <a href=\"https:\/\/www.instagram.com\/el_abogadodelacomunidad\/\">https:\/\/www.instagram.com\/el_abogadodelacomunidad\/<\/a><\/p><p><br><\/p>\n<p><\/p>\n<p style=\"text-align: center;\"><strong>Especialistas en leyes de inmigraci\u00f3n, defensa penal, compensaci\u00f3n laboral y lesiones personales.<\/strong><\/p>\t\t\t\t\t\t\t\t<\/div>\n\t\t\t\t<\/div>\n\t\t\t\t<div class=\"elementor-element elementor-element-188aad1 elementor-widget elementor-widget-image\" data-id=\"188aad1\" data-element_type=\"widget\" data-e-type=\"widget\" data-widget_type=\"image.default\">\n\t\t\t\t<div class=\"elementor-widget-container\">\n\t\t\t\t\t\t\t\t\t\t\t\t\t\t\t\t<a href=\"https:\/\/brooksjimenez.com\/en\/contacto\/\">\n\t\t\t\t\t\t\t<img fetchpriority=\"high\" decoding=\"async\" width=\"300\" height=\"300\" src=\"https:\/\/brooksjimenez.com\/wp-content\/uploads\/2023\/02\/Icono-sitio-MBJ-8.png\" class=\"attachment-large size-large wp-image-714\" alt=\"Inmigraci\u00f3n\" srcset=\"https:\/\/brooksjimenez.com\/wp-content\/uploads\/2023\/02\/Icono-sitio-MBJ-8.png 300w, https:\/\/brooksjimenez.com\/wp-content\/uploads\/2023\/02\/Icono-sitio-MBJ-8-150x150.png 150w\" sizes=\"(max-width: 300px) 100vw, 300px\" \/>\t\t\t\t\t\t\t\t<\/a>\n\t\t\t\t\t\t\t\t\t\t\t\t\t\t\t<\/div>\n\t\t\t\t<\/div>\n\t\t\t\t\t<\/div>\n\t\t<\/div>\n\t\t\t\t\t<\/div>\n\t\t<\/section>\n\t\t\t\t<\/div>","protected":false},"excerpt":{"rendered":"<p>Los abogados de Michael Brooks-Jim\u00e9nez le brindan la asesor\u00eda que requiere para su situaci\u00f3n de inmigraci\u00f3n. https:\/\/brooksjimenez.com\/wp-content\/uploads\/2023\/04\/Michel-Brooks-Jimenez-102422.mp4 La respuesta es NO. El asilo pol\u00edtico se refiere a la situaci\u00f3n en la cual una persona busca refugio en los Estados Unidos debido a problemas pol\u00edticos en su pa\u00eds de origen. Si ya reside en este pa\u00eds y est\u00e1 siendo amenazado por alguien, esa situaci\u00f3n no se considera un problema pol\u00edtico en su pa\u00eds. No obstante, si alguien est\u00e1 aprovech\u00e1ndose de su estatus migratorio para perjudicarlo, existe la opci\u00f3n de solicitar una Visa T. Esta visa es un beneficio temporal destinado a las v\u00edctimas de trata de personas. Por ejemplo, si su empleador o una empresa lo amenaza con denunciar su situaci\u00f3n migratoria a las autoridades si no cumple con sus exigencias de trabajar horas extras, podr\u00eda ser elegible para solicitar una Visa T. \u00a1Somos los abogados de la comunidad! Si est\u00e1 interesado en realizar alguna consulta relacionada con su situaci\u00f3n de inmigraci\u00f3n (solicitudes de visa, ciudadan\u00eda estadounidense, etc.) o con alg\u00fan otro de nuestros servicios, puede contactarnos mediante nuestro sitio web https:\/\/brooksjimenez.com\/ o nuestra l\u00ednea telef\u00f3nica 405-272-9393 Conozca m\u00e1s sobre nosotros visitando nuestras redes sociales, encu\u00e9ntrenos mediante: Facebook https:\/\/www.facebook.com\/elabogadodelacomunidad\/ Instagram https:\/\/www.instagram.com\/el_abogadodelacomunidad\/ Especialistas en leyes de inmigraci\u00f3n, defensa penal, compensaci\u00f3n laboral y lesiones personales.<\/p>","protected":false},"author":1,"featured_media":1466,"comment_status":"closed","ping_status":"closed","sticky":false,"template":"","format":"standard","meta":{"site-sidebar-layout":"default","site-content-layout":"","ast-site-content-layout":"default","site-content-style":"default","site-sidebar-style":"default","ast-global-header-display":"","ast-banner-title-visibility":"","ast-main-header-display":"","ast-hfb-above-header-display":"","ast-hfb-below-header-display":"","ast-hfb-mobile-header-display":"","site-post-title":"","ast-breadcrumbs-content":"","ast-featured-img":"disabled","footer-sml-layout":"","ast-disable-related-posts":"","theme-transparent-header-meta":"","adv-header-id-meta":"","stick-header-meta":"","header-above-stick-meta":"","header-main-stick-meta":"","header-below-stick-meta":"","astra-migrate-meta-layouts":"default","ast-page-background-enabled":"default","ast-page-background-meta":{"desktop":{"background-color":"","background-image":"","background-repeat":"repeat","background-position":"center center","background-size":"auto","background-attachment":"scroll","background-type":"","background-media":"","overlay-type":"","overlay-color":"","overlay-opacity":"","overlay-gradient":""},"tablet":{"background-color":"","background-image":"","background-repeat":"repeat","background-position":"center center","background-size":"auto","background-attachment":"scroll","background-type":"","background-media":"","overlay-type":"","overlay-color":"","overlay-opacity":"","overlay-gradient":""},"mobile":{"background-color":"","background-image":"","background-repeat":"repeat","background-position":"center center","background-size":"auto","background-attachment":"scroll","background-type":"","background-media":"","overlay-type":"","overlay-color":"","overlay-opacity":"","overlay-gradient":""}},"ast-content-background-meta":{"desktop":{"background-color":"var(--ast-global-color-5)","background-image":"","background-repeat":"repeat","background-position":"center center","background-size":"auto","background-attachment":"scroll","background-type":"","background-media":"","overlay-type":"","overlay-color":"","overlay-opacity":"","overlay-gradient":""},"tablet":{"background-color":"var(--ast-global-color-5)","background-image":"","background-repeat":"repeat","background-position":"center center","background-size":"auto","background-attachment":"scroll","background-type":"","background-media":"","overlay-type":"","overlay-color":"","overlay-opacity":"","overlay-gradient":""},"mobile":{"background-color":"var(--ast-global-color-5)","background-image":"","background-repeat":"repeat","background-position":"center center","background-size":"auto","background-attachment":"scroll","background-type":"","background-media":"","overlay-type":"","overlay-color":"","overlay-opacity":"","overlay-gradient":""}},"footnotes":""},"categories":[10],"tags":[11],"class_list":["post-1446","post","type-post","status-publish","format-standard","has-post-thumbnail","hentry","category-inmigracion","tag-inmigracion"],"yoast_head":"<!-- This site is optimized with the Yoast SEO plugin v27.4 - https:\/\/yoast.com\/product\/yoast-seo-wordpress\/ -->\n<title>Inmigraci\u00f3n - \u00bfSi amenazan con deportarme, puedo pedir un asilo?<\/title>\n<meta name=\"description\" content=\"Si alguien usa situaci\u00f3n de inmigraci\u00f3n en su contra, no puede aplicar a un asilo pol\u00edtico. Sin embargo, podr\u00eda tener otras opciones.\" \/>\n<meta name=\"robots\" content=\"index, follow, max-snippet:-1, max-image-preview:large, max-video-preview:-1\" \/>\n<link rel=\"canonical\" href=\"https:\/\/brooksjimenez.com\/en\/amenaza-deportacion-por-inmigracion\/\" \/>\n<meta property=\"og:locale\" content=\"en_US\" \/>\n<meta property=\"og:type\" content=\"article\" \/>\n<meta property=\"og:title\" content=\"Inmigraci\u00f3n - \u00bfSi amenazan con deportarme, puedo pedir un asilo?\" \/>\n<meta property=\"og:description\" content=\"Si alguien usa situaci\u00f3n de inmigraci\u00f3n en su contra, no puede aplicar a un asilo pol\u00edtico. Sin embargo, podr\u00eda tener otras opciones.\" \/>\n<meta property=\"og:url\" content=\"https:\/\/brooksjimenez.com\/en\/amenaza-deportacion-por-inmigracion\/\" \/>\n<meta property=\"og:site_name\" content=\"Michael Brooks-Jim\u00e9nez P.C\" \/>\n<meta property=\"article:publisher\" content=\"https:\/\/www.facebook.com\/elabogadodelacomunidad\" \/>\n<meta property=\"article:published_time\" content=\"2023-04-13T18:59:26+00:00\" \/>\n<meta property=\"article:modified_time\" content=\"2025-03-18T17:53:24+00:00\" \/>\n<meta property=\"og:image\" content=\"https:\/\/brooksjimenez.com\/wp-content\/uploads\/2023\/04\/\u00b4Telemundo.png\" \/>\n\t<meta property=\"og:image:width\" content=\"1366\" \/>\n\t<meta property=\"og:image:height\" content=\"768\" \/>\n\t<meta property=\"og:image:type\" content=\"image\/png\" \/>\n<meta name=\"author\" content=\"MBJ - Marketing\" \/>\n<meta name=\"twitter:card\" content=\"summary_large_image\" \/>\n<meta name=\"twitter:label1\" content=\"Written by\" \/>\n\t<meta name=\"twitter:data1\" content=\"MBJ - Marketing\" \/>\n\t<meta name=\"twitter:label2\" content=\"Est. reading time\" \/>\n\t<meta name=\"twitter:data2\" content=\"2 minutes\" \/>\n<script type=\"application\/ld+json\" class=\"yoast-schema-graph\">{\"@context\":\"https:\\\/\\\/schema.org\",\"@graph\":[{\"@type\":\"Article\",\"@id\":\"https:\\\/\\\/brooksjimenez.com\\\/amenaza-deportacion-por-inmigracion\\\/#article\",\"isPartOf\":{\"@id\":\"https:\\\/\\\/brooksjimenez.com\\\/amenaza-deportacion-por-inmigracion\\\/\"},\"author\":{\"name\":\"MBJ - Marketing\",\"@id\":\"https:\\\/\\\/brooksjimenez.com\\\/#\\\/schema\\\/person\\\/e836af570ce227b873dd8402d7513bbe\"},\"headline\":\"Fui amenazado por mensajes de texto, donde me dec\u00edan que me iban a deportar si no cumpl\u00eda con una orden. \u00bfPuedo aplicar para un asilo pol\u00edtico?\",\"datePublished\":\"2023-04-13T18:59:26+00:00\",\"dateModified\":\"2025-03-18T17:53:24+00:00\",\"mainEntityOfPage\":{\"@id\":\"https:\\\/\\\/brooksjimenez.com\\\/amenaza-deportacion-por-inmigracion\\\/\"},\"wordCount\":286,\"publisher\":{\"@id\":\"https:\\\/\\\/brooksjimenez.com\\\/#organization\"},\"image\":{\"@id\":\"https:\\\/\\\/brooksjimenez.com\\\/amenaza-deportacion-por-inmigracion\\\/#primaryimage\"},\"thumbnailUrl\":\"https:\\\/\\\/brooksjimenez.com\\\/wp-content\\\/uploads\\\/2023\\\/04\\\/\u00b4Telemundo.png\",\"keywords\":[\"inmigraci\u00f3n\"],\"articleSection\":[\"Inmigraci\u00f3n\"],\"inLanguage\":\"en-US\"},{\"@type\":\"WebPage\",\"@id\":\"https:\\\/\\\/brooksjimenez.com\\\/amenaza-deportacion-por-inmigracion\\\/\",\"url\":\"https:\\\/\\\/brooksjimenez.com\\\/amenaza-deportacion-por-inmigracion\\\/\",\"name\":\"Inmigraci\u00f3n - \u00bfSi amenazan con deportarme, puedo pedir un asilo?\",\"isPartOf\":{\"@id\":\"https:\\\/\\\/brooksjimenez.com\\\/#website\"},\"primaryImageOfPage\":{\"@id\":\"https:\\\/\\\/brooksjimenez.com\\\/amenaza-deportacion-por-inmigracion\\\/#primaryimage\"},\"image\":{\"@id\":\"https:\\\/\\\/brooksjimenez.com\\\/amenaza-deportacion-por-inmigracion\\\/#primaryimage\"},\"thumbnailUrl\":\"https:\\\/\\\/brooksjimenez.com\\\/wp-content\\\/uploads\\\/2023\\\/04\\\/\u00b4Telemundo.png\",\"datePublished\":\"2023-04-13T18:59:26+00:00\",\"dateModified\":\"2025-03-18T17:53:24+00:00\",\"description\":\"Si alguien usa situaci\u00f3n de inmigraci\u00f3n en su contra, no puede aplicar a un asilo pol\u00edtico. Sin embargo, podr\u00eda tener otras opciones.\",\"breadcrumb\":{\"@id\":\"https:\\\/\\\/brooksjimenez.com\\\/amenaza-deportacion-por-inmigracion\\\/#breadcrumb\"},\"inLanguage\":\"en-US\",\"potentialAction\":[{\"@type\":\"ReadAction\",\"target\":[\"https:\\\/\\\/brooksjimenez.com\\\/amenaza-deportacion-por-inmigracion\\\/\"]}]},{\"@type\":\"ImageObject\",\"inLanguage\":\"en-US\",\"@id\":\"https:\\\/\\\/brooksjimenez.com\\\/amenaza-deportacion-por-inmigracion\\\/#primaryimage\",\"url\":\"https:\\\/\\\/brooksjimenez.com\\\/wp-content\\\/uploads\\\/2023\\\/04\\\/\u00b4Telemundo.png\",\"contentUrl\":\"https:\\\/\\\/brooksjimenez.com\\\/wp-content\\\/uploads\\\/2023\\\/04\\\/\u00b4Telemundo.png\",\"width\":1366,\"height\":768,\"caption\":\"inmigraci\u00f3n\"},{\"@type\":\"BreadcrumbList\",\"@id\":\"https:\\\/\\\/brooksjimenez.com\\\/amenaza-deportacion-por-inmigracion\\\/#breadcrumb\",\"itemListElement\":[{\"@type\":\"ListItem\",\"position\":1,\"name\":\"Inicio\",\"item\":\"https:\\\/\\\/brooksjimenez.com\\\/\"},{\"@type\":\"ListItem\",\"position\":2,\"name\":\"Fui amenazado por mensajes de texto, donde me dec\u00edan que me iban a deportar si no cumpl\u00eda con una orden. \u00bfPuedo aplicar para un asilo pol\u00edtico?\"}]},{\"@type\":\"WebSite\",\"@id\":\"https:\\\/\\\/brooksjimenez.com\\\/#website\",\"url\":\"https:\\\/\\\/brooksjimenez.com\\\/\",\"name\":\"Michael Brooks-Jim\u00e9nez P.C\",\"description\":\"Criminal Lawyer Website\",\"publisher\":{\"@id\":\"https:\\\/\\\/brooksjimenez.com\\\/#organization\"},\"potentialAction\":[{\"@type\":\"SearchAction\",\"target\":{\"@type\":\"EntryPoint\",\"urlTemplate\":\"https:\\\/\\\/brooksjimenez.com\\\/?s={search_term_string}\"},\"query-input\":{\"@type\":\"PropertyValueSpecification\",\"valueRequired\":true,\"valueName\":\"search_term_string\"}}],\"inLanguage\":\"en-US\"},{\"@type\":\"Organization\",\"@id\":\"https:\\\/\\\/brooksjimenez.com\\\/#organization\",\"name\":\"Michael Brooks-Jim\u00e9nez P.C\",\"url\":\"https:\\\/\\\/brooksjimenez.com\\\/\",\"logo\":{\"@type\":\"ImageObject\",\"inLanguage\":\"en-US\",\"@id\":\"https:\\\/\\\/brooksjimenez.com\\\/#\\\/schema\\\/logo\\\/image\\\/\",\"url\":\"https:\\\/\\\/brooksjimenez.com\\\/wp-content\\\/uploads\\\/2023\\\/02\\\/Logo-Micahel-Brooks-Jimenez-P.C-8.png\",\"contentUrl\":\"https:\\\/\\\/brooksjimenez.com\\\/wp-content\\\/uploads\\\/2023\\\/02\\\/Logo-Micahel-Brooks-Jimenez-P.C-8.png\",\"width\":747,\"height\":340,\"caption\":\"Michael Brooks-Jim\u00e9nez P.C\"},\"image\":{\"@id\":\"https:\\\/\\\/brooksjimenez.com\\\/#\\\/schema\\\/logo\\\/image\\\/\"},\"sameAs\":[\"https:\\\/\\\/www.facebook.com\\\/elabogadodelacomunidad\",\"https:\\\/\\\/www.instagram.com\\\/el_abogadodelacomunidad\\\/\"]},{\"@type\":\"Person\",\"@id\":\"https:\\\/\\\/brooksjimenez.com\\\/#\\\/schema\\\/person\\\/e836af570ce227b873dd8402d7513bbe\",\"name\":\"MBJ - Marketing\",\"image\":{\"@type\":\"ImageObject\",\"inLanguage\":\"en-US\",\"@id\":\"https:\\\/\\\/secure.gravatar.com\\\/avatar\\\/832ab6002e557a31f7d78df4b84e9cfd6d2c2f0bdb591380cb5563be515c5ed0?s=96&d=mm&r=g\",\"url\":\"https:\\\/\\\/secure.gravatar.com\\\/avatar\\\/832ab6002e557a31f7d78df4b84e9cfd6d2c2f0bdb591380cb5563be515c5ed0?s=96&d=mm&r=g\",\"contentUrl\":\"https:\\\/\\\/secure.gravatar.com\\\/avatar\\\/832ab6002e557a31f7d78df4b84e9cfd6d2c2f0bdb591380cb5563be515c5ed0?s=96&d=mm&r=g\",\"caption\":\"MBJ - Marketing\"},\"sameAs\":[\"http:\\\/\\\/brooksjimenez.com\"],\"url\":\"https:\\\/\\\/brooksjimenez.com\\\/en\\\/author\\\/marketingbrooksjimenezgmail-com\\\/\"}]}<\/script>\n<!-- \/ Yoast SEO plugin. -->","yoast_head_json":{"title":"Inmigraci\u00f3n - \u00bfSi amenazan con deportarme, puedo pedir un asilo?","description":"Si alguien usa situaci\u00f3n de inmigraci\u00f3n en su contra, no puede aplicar a un asilo pol\u00edtico. Sin embargo, podr\u00eda tener otras opciones.","robots":{"index":"index","follow":"follow","max-snippet":"max-snippet:-1","max-image-preview":"max-image-preview:large","max-video-preview":"max-video-preview:-1"},"canonical":"https:\/\/brooksjimenez.com\/en\/amenaza-deportacion-por-inmigracion\/","og_locale":"en_US","og_type":"article","og_title":"Inmigraci\u00f3n - \u00bfSi amenazan con deportarme, puedo pedir un asilo?","og_description":"Si alguien usa situaci\u00f3n de inmigraci\u00f3n en su contra, no puede aplicar a un asilo pol\u00edtico. Sin embargo, podr\u00eda tener otras opciones.","og_url":"https:\/\/brooksjimenez.com\/en\/amenaza-deportacion-por-inmigracion\/","og_site_name":"Michael Brooks-Jim\u00e9nez P.C","article_publisher":"https:\/\/www.facebook.com\/elabogadodelacomunidad","article_published_time":"2023-04-13T18:59:26+00:00","article_modified_time":"2025-03-18T17:53:24+00:00","og_image":[{"width":1366,"height":768,"url":"https:\/\/brooksjimenez.com\/wp-content\/uploads\/2023\/04\/\u00b4Telemundo.png","type":"image\/png"}],"author":"MBJ - Marketing","twitter_card":"summary_large_image","twitter_misc":{"Written by":"MBJ - Marketing","Est. reading time":"2 minutes"},"schema":{"@context":"https:\/\/schema.org","@graph":[{"@type":"Article","@id":"https:\/\/brooksjimenez.com\/amenaza-deportacion-por-inmigracion\/#article","isPartOf":{"@id":"https:\/\/brooksjimenez.com\/amenaza-deportacion-por-inmigracion\/"},"author":{"name":"MBJ - Marketing","@id":"https:\/\/brooksjimenez.com\/#\/schema\/person\/e836af570ce227b873dd8402d7513bbe"},"headline":"Fui amenazado por mensajes de texto, donde me dec\u00edan que me iban a deportar si no cumpl\u00eda con una orden. \u00bfPuedo aplicar para un asilo pol\u00edtico?","datePublished":"2023-04-13T18:59:26+00:00","dateModified":"2025-03-18T17:53:24+00:00","mainEntityOfPage":{"@id":"https:\/\/brooksjimenez.com\/amenaza-deportacion-por-inmigracion\/"},"wordCount":286,"publisher":{"@id":"https:\/\/brooksjimenez.com\/#organization"},"image":{"@id":"https:\/\/brooksjimenez.com\/amenaza-deportacion-por-inmigracion\/#primaryimage"},"thumbnailUrl":"https:\/\/brooksjimenez.com\/wp-content\/uploads\/2023\/04\/\u00b4Telemundo.png","keywords":["inmigraci\u00f3n"],"articleSection":["Inmigraci\u00f3n"],"inLanguage":"en-US"},{"@type":"WebPage","@id":"https:\/\/brooksjimenez.com\/amenaza-deportacion-por-inmigracion\/","url":"https:\/\/brooksjimenez.com\/amenaza-deportacion-por-inmigracion\/","name":"Inmigraci\u00f3n - \u00bfSi amenazan con deportarme, puedo pedir un asilo?","isPartOf":{"@id":"https:\/\/brooksjimenez.com\/#website"},"primaryImageOfPage":{"@id":"https:\/\/brooksjimenez.com\/amenaza-deportacion-por-inmigracion\/#primaryimage"},"image":{"@id":"https:\/\/brooksjimenez.com\/amenaza-deportacion-por-inmigracion\/#primaryimage"},"thumbnailUrl":"https:\/\/brooksjimenez.com\/wp-content\/uploads\/2023\/04\/\u00b4Telemundo.png","datePublished":"2023-04-13T18:59:26+00:00","dateModified":"2025-03-18T17:53:24+00:00","description":"Si alguien usa situaci\u00f3n de inmigraci\u00f3n en su contra, no puede aplicar a un asilo pol\u00edtico. Sin embargo, podr\u00eda tener otras opciones.","breadcrumb":{"@id":"https:\/\/brooksjimenez.com\/amenaza-deportacion-por-inmigracion\/#breadcrumb"},"inLanguage":"en-US","potentialAction":[{"@type":"ReadAction","target":["https:\/\/brooksjimenez.com\/amenaza-deportacion-por-inmigracion\/"]}]},{"@type":"ImageObject","inLanguage":"en-US","@id":"https:\/\/brooksjimenez.com\/amenaza-deportacion-por-inmigracion\/#primaryimage","url":"https:\/\/brooksjimenez.com\/wp-content\/uploads\/2023\/04\/\u00b4Telemundo.png","contentUrl":"https:\/\/brooksjimenez.com\/wp-content\/uploads\/2023\/04\/\u00b4Telemundo.png","width":1366,"height":768,"caption":"inmigraci\u00f3n"},{"@type":"BreadcrumbList","@id":"https:\/\/brooksjimenez.com\/amenaza-deportacion-por-inmigracion\/#breadcrumb","itemListElement":[{"@type":"ListItem","position":1,"name":"Inicio","item":"https:\/\/brooksjimenez.com\/"},{"@type":"ListItem","position":2,"name":"Fui amenazado por mensajes de texto, donde me dec\u00edan que me iban a deportar si no cumpl\u00eda con una orden. \u00bfPuedo aplicar para un asilo pol\u00edtico?"}]},{"@type":"WebSite","@id":"https:\/\/brooksjimenez.com\/#website","url":"https:\/\/brooksjimenez.com\/","name":"Michael Brooks-Jimenez P. C","description":"Criminal Lawyer Website","publisher":{"@id":"https:\/\/brooksjimenez.com\/#organization"},"potentialAction":[{"@type":"SearchAction","target":{"@type":"EntryPoint","urlTemplate":"https:\/\/brooksjimenez.com\/?s={search_term_string}"},"query-input":{"@type":"PropertyValueSpecification","valueRequired":true,"valueName":"search_term_string"}}],"inLanguage":"en-US"},{"@type":"Organization","@id":"https:\/\/brooksjimenez.com\/#organization","name":"Michael Brooks-Jimenez P. C","url":"https:\/\/brooksjimenez.com\/","logo":{"@type":"ImageObject","inLanguage":"en-US","@id":"https:\/\/brooksjimenez.com\/#\/schema\/logo\/image\/","url":"https:\/\/brooksjimenez.com\/wp-content\/uploads\/2023\/02\/Logo-Micahel-Brooks-Jimenez-P.C-8.png","contentUrl":"https:\/\/brooksjimenez.com\/wp-content\/uploads\/2023\/02\/Logo-Micahel-Brooks-Jimenez-P.C-8.png","width":747,"height":340,"caption":"Michael Brooks-Jim\u00e9nez P.C"},"image":{"@id":"https:\/\/brooksjimenez.com\/#\/schema\/logo\/image\/"},"sameAs":["https:\/\/www.facebook.com\/elabogadodelacomunidad","https:\/\/www.instagram.com\/el_abogadodelacomunidad\/"]},{"@type":"Person","@id":"https:\/\/brooksjimenez.com\/#\/schema\/person\/e836af570ce227b873dd8402d7513bbe","name":"MBJ - Marketing","image":{"@type":"ImageObject","inLanguage":"en-US","@id":"https:\/\/secure.gravatar.com\/avatar\/832ab6002e557a31f7d78df4b84e9cfd6d2c2f0bdb591380cb5563be515c5ed0?s=96&d=mm&r=g","url":"https:\/\/secure.gravatar.com\/avatar\/832ab6002e557a31f7d78df4b84e9cfd6d2c2f0bdb591380cb5563be515c5ed0?s=96&d=mm&r=g","contentUrl":"https:\/\/secure.gravatar.com\/avatar\/832ab6002e557a31f7d78df4b84e9cfd6d2c2f0bdb591380cb5563be515c5ed0?s=96&d=mm&r=g","caption":"MBJ - Marketing"},"sameAs":["http:\/\/brooksjimenez.com"],"url":"https:\/\/brooksjimenez.com\/en\/author\/marketingbrooksjimenezgmail-com\/"}]}},"_links":{"self":[{"href":"https:\/\/brooksjimenez.com\/en\/wp-json\/wp\/v2\/posts\/1446","targetHints":{"allow":["GET"]}}],"collection":[{"href":"https:\/\/brooksjimenez.com\/en\/wp-json\/wp\/v2\/posts"}],"about":[{"href":"https:\/\/brooksjimenez.com\/en\/wp-json\/wp\/v2\/types\/post"}],"author":[{"embeddable":true,"href":"https:\/\/brooksjimenez.com\/en\/wp-json\/wp\/v2\/users\/1"}],"replies":[{"embeddable":true,"href":"https:\/\/brooksjimenez.com\/en\/wp-json\/wp\/v2\/comments?post=1446"}],"version-history":[{"count":30,"href":"https:\/\/brooksjimenez.com\/en\/wp-json\/wp\/v2\/posts\/1446\/revisions"}],"predecessor-version":[{"id":2137,"href":"https:\/\/brooksjimenez.com\/en\/wp-json\/wp\/v2\/posts\/1446\/revisions\/2137"}],"wp:featuredmedia":[{"embeddable":true,"href":"https:\/\/brooksjimenez.com\/en\/wp-json\/wp\/v2\/media\/1466"}],"wp:attachment":[{"href":"https:\/\/brooksjimenez.com\/en\/wp-json\/wp\/v2\/media?parent=1446"}],"wp:term":[{"taxonomy":"category","embeddable":true,"href":"https:\/\/brooksjimenez.com\/en\/wp-json\/wp\/v2\/categories?post=1446"},{"taxonomy":"post_tag","embeddable":true,"href":"https:\/\/brooksjimenez.com\/en\/wp-json\/wp\/v2\/tags?post=1446"}],"curies":[{"name":"wp","href":"https:\/\/api.w.org\/{rel}","templated":true}]}}